{"id":2093,"date":"2022-05-23T11:48:40","date_gmt":"2022-05-23T09:48:40","guid":{"rendered":"https:\/\/www.cluster-zukunft-der-pflege.de\/?p=2093"},"modified":"2022-05-23T11:56:56","modified_gmt":"2022-05-23T09:56:56","slug":"opticare-augmented-reailty-fuer-mobiles-patientenmonitoring","status":"publish","type":"post","link":"https:\/\/www.cluster-zukunft-der-pflege.de\/index.php\/2022\/05\/23\/opticare-augmented-reailty-fuer-mobiles-patientenmonitoring\/","title":{"rendered":"Technologievorstellung: OpticARe &#8211; Augmented Reailty f\u00fcr mobiles Patientenmonitoring"},"content":{"rendered":"<p>Eine wesentliche Aufgabe des Pflegefachpersonals auf einer Intensivstation ist die kontinuierliche \u00dcberwachung der lebenswichtigen K\u00f6rperfunktionen. T\u00e4glich ert\u00f6nen so bis zu 350 Alarme pro erkrankter Person. Diese Patientenmonitore sind station\u00e4r an jedem Bett positioniert, wodurch das Best\u00e4tigen und somit Beenden dieser Alarme h\u00e4ufige Arbeitsplatzwechsel ben\u00f6tigen und somit auch den physischen Stress erh\u00f6hen. OpticARe ist eine AR-Anwendung, welche die Vitaldaten eines bestimmten Patienten anzeigt. Hierzu gibt es zwei Views, eine minimierte, abstrakte View und eine detaillierte View mit kleiner Historie (Kurve).<br \/>\nDie detaillierte View klappt sich aus, sobald ein Alarm aufl\u00e4uft. Au\u00dferdem kann man mit Daumen-Zeigefinger-Geste die View manuell aus- und wieder einklappen.<\/p>\n","protected":false},"excerpt":{"rendered":"<p>Eine wesentliche Aufgabe des Pflegefachpersonals auf einer Intensivstation ist die  [&#8230;]<\/p>\n","protected":false},"author":3,"featured_media":2094,"comment_status":"open","ping_status":"open","sticky":false,"template":"","format":"standard","meta":{"footnotes":""},"categories":[1],"tags":[],"class_list":["post-2093","post","type-post","status-publish","format-standard","has-post-thumbnail","hentry","category-uncategorized"],"_links":{"self":[{"href":"https:\/\/www.cluster-zukunft-der-pflege.de\/index.php\/wp-json\/wp\/v2\/posts\/2093","targetHints":{"allow":["GET"]}}],"collection":[{"href":"https:\/\/www.cluster-zukunft-der-pflege.de\/index.php\/wp-json\/wp\/v2\/posts"}],"about":[{"href":"https:\/\/www.cluster-zukunft-der-pflege.de\/index.php\/wp-json\/wp\/v2\/types\/post"}],"author":[{"embeddable":true,"href":"https:\/\/www.cluster-zukunft-der-pflege.de\/index.php\/wp-json\/wp\/v2\/users\/3"}],"replies":[{"embeddable":true,"href":"https:\/\/www.cluster-zukunft-der-pflege.de\/index.php\/wp-json\/wp\/v2\/comments?post=2093"}],"version-history":[{"count":2,"href":"https:\/\/www.cluster-zukunft-der-pflege.de\/index.php\/wp-json\/wp\/v2\/posts\/2093\/revisions"}],"predecessor-version":[{"id":2098,"href":"https:\/\/www.cluster-zukunft-der-pflege.de\/index.php\/wp-json\/wp\/v2\/posts\/2093\/revisions\/2098"}],"wp:featuredmedia":[{"embeddable":true,"href":"https:\/\/www.cluster-zukunft-der-pflege.de\/index.php\/wp-json\/wp\/v2\/media\/2094"}],"wp:attachment":[{"href":"https:\/\/www.cluster-zukunft-der-pflege.de\/index.php\/wp-json\/wp\/v2\/media?parent=2093"}],"wp:term":[{"taxonomy":"category","embeddable":true,"href":"https:\/\/www.cluster-zukunft-der-pflege.de\/index.php\/wp-json\/wp\/v2\/categories?post=2093"},{"taxonomy":"post_tag","embeddable":true,"href":"https:\/\/www.cluster-zukunft-der-pflege.de\/index.php\/wp-json\/wp\/v2\/tags?post=2093"}],"curies":[{"name":"wp","href":"https:\/\/api.w.org\/{rel}","templated":true}]}}